{"id":14135,"date":"2026-03-11T14:23:27","date_gmt":"2026-03-11T13:23:27","guid":{"rendered":"https:\/\/ethiquemediagabon.net\/?p=14135"},"modified":"2026-03-11T14:23:27","modified_gmt":"2026-03-11T13:23:27","slug":"09-mars-au-gabon-simple-coincidence-ou-date-maudite","status":"publish","type":"post","link":"https:\/\/ethiquemediagabon.net\/?p=14135","title":{"rendered":"09 mars au Gabon : simple co\u00efncidence ou date maudite ?"},"content":{"rendered":"<p style=\"text-align: justify;\">\n<p style=\"text-align: justify;\"><strong><span style=\"font-size: 18pt; color: #0000ff;\">Le 09 mars semble d\u00e9sormais porter une charge symbolique lourde au Gabon. Trois ans jour pour jour apr\u00e8s le tragique naufrage du bateau Esther Miracle, survenu au large des c\u00f4tes de Libreville, un autre drame est venu endeuiller l\u2019opinion publique.\u00a0<\/span><\/strong><\/p>\n<p style=\"text-align: justify;\">\n<p style=\"text-align: justify;\"><span style=\"font-size: 18pt;\">Le 09 mars 2026, un \u00e9l\u00e8ve s\u2019est jet\u00e9 du haut de la passerelle du Lyc\u00e9e National L\u00e9on Mba, trouvant la mort apr\u00e8s sa chute sur le bitume. Deux trag\u00e9dies diff\u00e9rentes par leur nature, mais troublantes par la concordance de leur date, qui ravive l\u2019\u00e9motion et les interrogations au sein de la population.<\/span><\/p>\n<p style=\"text-align: justify;\"><span style=\"font-size: 18pt;\">Le naufrage de l\u2019Esther Miracle, en 2023, avait profond\u00e9ment marqu\u00e9 les esprits.\u00a0<\/span><\/p>\n<p style=\"text-align: justify;\">\n<p style=\"text-align: justify;\"><span style=\"font-size: 18pt;\">Ce drame maritime, qui avait co\u00fbt\u00e9 la vie \u00e0 plusieurs passagers et suscit\u00e9 une vague d\u2019indignation nationale, avait ouvert un d\u00e9bat sur la s\u00e9curit\u00e9 des transports et la gestion des secours. Trois ans plus tard, c\u2019est un drame humain d\u2019une autre nature qui s\u2019est produit dans un \u00e9tablissement scolaire embl\u00e9matique du pays. Si les circonstances et les responsabilit\u00e9s diff\u00e8rent, la r\u00e9p\u00e9tition d\u2019un \u00e9v\u00e9nement tragique \u00e0 la m\u00eame date nourrit, dans l\u2019imaginaire collectif, l\u2019id\u00e9e troublante d\u2019un 09 mars devenu funeste.<\/span><\/p>\n<p style=\"text-align: justify;\">\n<p style=\"text-align: justify;\"><span style=\"font-size: 18pt;\">Faut-il pour autant parler de \u00ab date maudite \u00bb ou simplement d\u2019une co\u00efncidence tragique amplifi\u00e9e par la m\u00e9moire collective ? Les sp\u00e9cialistes rappellent souvent que certaines dates restent grav\u00e9es dans les consciences parce qu\u2019elles concentrent des \u00e9v\u00e9nements marquants.\u00a0<\/span><\/p>\n<p style=\"text-align: justify;\">\n<p style=\"text-align: justify;\"><span style=\"font-size: 18pt;\">Mais au-del\u00e0 du symbole, ces drames posent surtout des questions de fond, dont la s\u00e9curit\u00e9 des transports, la prise en charge de la d\u00e9tresse psychologique des jeunes et la pr\u00e9vention des trag\u00e9dies \u00e9vitables. Autant de sujets qui m\u00e9ritent d\u2019\u00eatre abord\u00e9s avec s\u00e9rieux, afin que le 09 mars ne soit plus seulement associ\u00e9 au souvenir de vies perdues.<\/span><\/p>\n","protected":false},"excerpt":{"rendered":"<p>Le 09 mars semble d\u00e9sormais porter une charge symbolique lourde au Gabon. Trois ans jour pour jour apr\u00e8s le tragique naufrage du bateau Esther Miracle, survenu au large des c\u00f4tes de Libreville, un autre drame est venu endeuiller l\u2019opinion publique.\u00a0 Le 09 mars 2026, un \u00e9l\u00e8ve s\u2019est jet\u00e9 du haut de la passerelle du Lyc\u00e9e [&hellip;]<\/p>\n","protected":false},"author":5,"featured_media":14136,"comment_status":"open","ping_status":"open","sticky":false,"template":"","format":"standard","meta":{"om_disable_all_campaigns":false,"_monsterinsights_skip_tracking":false,"_monsterinsights_sitenote_active":false,"_monsterinsights_sitenote_note":"","_monsterinsights_sitenote_category":0,"footnotes":""},"categories":[22],"tags":[],"class_list":["post-14135","post","type-post","status-publish","format-standard","has-post-thumbnail","hentry","category-societe"],"_links":{"self":[{"href":"https:\/\/ethiquemediagabon.net\/index.php?rest_route=\/wp\/v2\/posts\/14135","targetHints":{"allow":["GET"]}}],"collection":[{"href":"https:\/\/ethiquemediagabon.net\/index.php?rest_route=\/wp\/v2\/posts"}],"about":[{"href":"https:\/\/ethiquemediagabon.net\/index.php?rest_route=\/wp\/v2\/types\/post"}],"author":[{"embeddable":true,"href":"https:\/\/ethiquemediagabon.net\/index.php?rest_route=\/wp\/v2\/users\/5"}],"replies":[{"embeddable":true,"href":"https:\/\/ethiquemediagabon.net\/index.php?rest_route=%2Fwp%2Fv2%2Fcomments&post=14135"}],"version-history":[{"count":1,"href":"https:\/\/ethiquemediagabon.net\/index.php?rest_route=\/wp\/v2\/posts\/14135\/revisions"}],"predecessor-version":[{"id":14137,"href":"https:\/\/ethiquemediagabon.net\/index.php?rest_route=\/wp\/v2\/posts\/14135\/revisions\/14137"}],"wp:featuredmedia":[{"embeddable":true,"href":"https:\/\/ethiquemediagabon.net\/index.php?rest_route=\/wp\/v2\/media\/14136"}],"wp:attachment":[{"href":"https:\/\/ethiquemediagabon.net\/index.php?rest_route=%2Fwp%2Fv2%2Fmedia&parent=14135"}],"wp:term":[{"taxonomy":"category","embeddable":true,"href":"https:\/\/ethiquemediagabon.net\/index.php?rest_route=%2Fwp%2Fv2%2Fcategories&post=14135"},{"taxonomy":"post_tag","embeddable":true,"href":"https:\/\/ethiquemediagabon.net\/index.php?rest_route=%2Fwp%2Fv2%2Ftags&post=14135"}],"curies":[{"name":"wp","href":"https:\/\/api.w.org\/{rel}","templated":true}]}}