{"id":14143,"date":"2026-03-13T09:15:12","date_gmt":"2026-03-13T08:15:12","guid":{"rendered":"https:\/\/ethiquemediagabon.net\/?p=14143"},"modified":"2026-03-13T09:16:04","modified_gmt":"2026-03-13T08:16:04","slug":"herve-patrick-opiangha-blanchi-la-justice-prononce-un-non-lieu-et-restitue-ses-biens","status":"publish","type":"post","link":"https:\/\/ethiquemediagabon.net\/?p=14143","title":{"rendered":"Herv\u00e9 Patrick Opiangha blanchi : la justice prononce un non-lieu et restitue ses biens"},"content":{"rendered":"<p style=\"text-align: justify;\"><strong><span style=\"font-size: 18pt; color: #0000ff;\">Coup de th\u00e9\u00e2tre dans une affaire tr\u00e8s suivie au Gabon. L\u2019ancien ministre Herv\u00e9 Patrick Opiangha voit les poursuites judiciaires engag\u00e9es contre lui d\u00e9finitivement abandonn\u00e9es.\u00a0<\/span><\/strong><\/p>\n<p style=\"text-align: justify;\"><span style=\"font-size: 18pt;\">Le procureur de la R\u00e9publique pr\u00e8s le tribunal de Libreville a prononc\u00e9 un non-lieu, \u00e9voquant une insuffisance de preuves pour soutenir les accusations qui pesaient contre l\u2019ex-membre du gouvernement.<\/span><\/p>\n<p style=\"text-align: justify;\"><span style=\"font-size: 18pt;\">Cette d\u00e9cision judiciaire met fin \u00e0 plusieurs mois d\u2019incertitudes pour l\u2019ancien ministre. Elle s\u2019accompagne \u00e9galement de la restitution de l\u2019ensemble de ses biens qui avaient \u00e9t\u00e9 saisis dans le cadre de la proc\u00e9dure, estim\u00e9s \u00e0 pr\u00e8s d\u2019un milliard de francs CFA.<\/span><\/p>\n<p style=\"text-align: justify;\"><span style=\"font-size: 18pt;\">L\u2019annonce a rapidement fait r\u00e9agir dans l\u2019opinion publique et sur la sc\u00e8ne politique gabonaise. Pour certains, ce non-lieu marque un tournant dans ce dossier sensible, tandis que pour d\u2019autres, il relance le d\u00e9bat sur la conduite et l\u2019issue de certaines proc\u00e9dures judiciaires au Gabon.<\/span><\/p>\n","protected":false},"excerpt":{"rendered":"<p>Coup de th\u00e9\u00e2tre dans une affaire tr\u00e8s suivie au Gabon. L\u2019ancien ministre Herv\u00e9 Patrick Opiangha voit les poursuites judiciaires engag\u00e9es contre lui d\u00e9finitivement abandonn\u00e9es.\u00a0 Le procureur de la R\u00e9publique pr\u00e8s le tribunal de Libreville a prononc\u00e9 un non-lieu, \u00e9voquant une insuffisance de preuves pour soutenir les accusations qui pesaient contre l\u2019ex-membre du gouvernement. Cette d\u00e9cision [&hellip;]<\/p>\n","protected":false},"author":5,"featured_media":14145,"comment_status":"open","ping_status":"open","sticky":false,"template":"","format":"standard","meta":{"om_disable_all_campaigns":false,"_monsterinsights_skip_tracking":false,"_monsterinsights_sitenote_active":false,"_monsterinsights_sitenote_note":"","_monsterinsights_sitenote_category":0,"footnotes":""},"categories":[69],"tags":[],"class_list":["post-14143","post","type-post","status-publish","format-standard","has-post-thumbnail","hentry","category-justice"],"_links":{"self":[{"href":"https:\/\/ethiquemediagabon.net\/index.php?rest_route=\/wp\/v2\/posts\/14143","targetHints":{"allow":["GET"]}}],"collection":[{"href":"https:\/\/ethiquemediagabon.net\/index.php?rest_route=\/wp\/v2\/posts"}],"about":[{"href":"https:\/\/ethiquemediagabon.net\/index.php?rest_route=\/wp\/v2\/types\/post"}],"author":[{"embeddable":true,"href":"https:\/\/ethiquemediagabon.net\/index.php?rest_route=\/wp\/v2\/users\/5"}],"replies":[{"embeddable":true,"href":"https:\/\/ethiquemediagabon.net\/index.php?rest_route=%2Fwp%2Fv2%2Fcomments&post=14143"}],"version-history":[{"count":2,"href":"https:\/\/ethiquemediagabon.net\/index.php?rest_route=\/wp\/v2\/posts\/14143\/revisions"}],"predecessor-version":[{"id":14146,"href":"https:\/\/ethiquemediagabon.net\/index.php?rest_route=\/wp\/v2\/posts\/14143\/revisions\/14146"}],"wp:featuredmedia":[{"embeddable":true,"href":"https:\/\/ethiquemediagabon.net\/index.php?rest_route=\/wp\/v2\/media\/14145"}],"wp:attachment":[{"href":"https:\/\/ethiquemediagabon.net\/index.php?rest_route=%2Fwp%2Fv2%2Fmedia&parent=14143"}],"wp:term":[{"taxonomy":"category","embeddable":true,"href":"https:\/\/ethiquemediagabon.net\/index.php?rest_route=%2Fwp%2Fv2%2Fcategories&post=14143"},{"taxonomy":"post_tag","embeddable":true,"href":"https:\/\/ethiquemediagabon.net\/index.php?rest_route=%2Fwp%2Fv2%2Ftags&post=14143"}],"curies":[{"name":"wp","href":"https:\/\/api.w.org\/{rel}","templated":true}]}}