{"id":14156,"date":"2026-03-16T20:58:22","date_gmt":"2026-03-16T19:58:22","guid":{"rendered":"https:\/\/ethiquemediagabon.net\/?p=14156"},"modified":"2026-03-16T20:58:22","modified_gmt":"2026-03-16T19:58:22","slug":"lambarene-lassociation-des-jeunes-solidaires-et-dynamiques-de-lambarene-a-officiellement-lance-ses-activites","status":"publish","type":"post","link":"https:\/\/ethiquemediagabon.net\/?p=14156","title":{"rendered":"Lambar\u00e9n\u00e9 : L\u2019Association des Jeunes Solidaires et Dynamiques de Lambar\u00e9n\u00e9 a officiellement lanc\u00e9 ses activit\u00e9s\u00a0"},"content":{"rendered":"<p style=\"text-align: justify;\">\n<p style=\"text-align: justify;\">\n<p style=\"text-align: justify;\"><strong><span style=\"font-size: 18pt; color: #0000ff;\">L\u2019Association des Jeunes Solidaires et Dynamiques de Lambar\u00e9n\u00e9 a officiellement lanc\u00e9 ses activit\u00e9s, marquant le d\u00e9but d\u2019une nouvelle dynamique d\u2019engagement citoyen dans la capitale provinciale du Moyen-Ogoou\u00e9. Plac\u00e9e sous la supervision de son pr\u00e9sident, Bouka Ebaye Joan, cette initiative entend mobiliser les jeunes autour des valeurs de solidarit\u00e9, d\u2019entraide et de d\u00e9veloppement communautaire.<\/span><\/strong><\/p>\n<p style=\"text-align: justify;\">\n<p style=\"text-align: justify;\"><span style=\"font-size: 18pt;\">Dans le cadre de ce lancement, les membres du bureau ex\u00e9cutif ont \u00e9t\u00e9 re\u00e7us en audience par le maire de la commune de Lambar\u00e9n\u00e9. Cette rencontre a permis de pr\u00e9senter officiellement l\u2019association, ses ambitions et les projets qu\u2019elle entend mettre en \u0153uvre au b\u00e9n\u00e9fice de la jeunesse et des populations locales. Les \u00e9changes ont \u00e9galement mis en lumi\u00e8re la volont\u00e9 de l\u2019organisation de travailler en synergie avec les autorit\u00e9s locales pour contribuer au d\u00e9veloppement de la commune.<\/span><\/p>\n<p style=\"text-align: justify;\">\n<p style=\"text-align: justify;\"><span style=\"font-size: 18pt;\">Poursuivant cette dynamique, une rencontre \u00e9largie a \u00e9t\u00e9 organis\u00e9e avec les jeunes issus des diff\u00e9rents quartiers de la ville. Ce moment d\u2019\u00e9changes a permis de partager la vision de l\u2019association et de recueillir les attentes de la jeunesse, dans l\u2019optique de b\u00e2tir des actions concr\u00e8tes et inclusives.<\/span><\/p>\n<p style=\"text-align: justify;\">\n<p style=\"text-align: justify;\"><span style=\"font-size: 18pt;\">Les activit\u00e9s de lancement se sont achev\u00e9es sur une note de solidarit\u00e9 \u00e0 la maternit\u00e9, o\u00f9 des kits ont \u00e9t\u00e9 remis \u00e0 de jeunes filles m\u00e8res. Un geste salu\u00e9 par les b\u00e9n\u00e9ficiaires, qui illustre l\u2019engagement social de l\u2019association et son ambition d\u2019apporter un soutien concret aux couches les plus vuln\u00e9rables de la population.<\/span><\/p>\n","protected":false},"excerpt":{"rendered":"<p>L\u2019Association des Jeunes Solidaires et Dynamiques de Lambar\u00e9n\u00e9 a officiellement lanc\u00e9 ses activit\u00e9s, marquant le d\u00e9but d\u2019une nouvelle dynamique d\u2019engagement citoyen dans la capitale provinciale du Moyen-Ogoou\u00e9. Plac\u00e9e sous la supervision de son pr\u00e9sident, Bouka Ebaye Joan, cette initiative entend mobiliser les jeunes autour des valeurs de solidarit\u00e9, d\u2019entraide et de d\u00e9veloppement communautaire. Dans le [&hellip;]<\/p>\n","protected":false},"author":5,"featured_media":14157,"comment_status":"open","ping_status":"open","sticky":false,"template":"","format":"standard","meta":{"om_disable_all_campaigns":false,"_monsterinsights_skip_tracking":false,"_monsterinsights_sitenote_active":false,"_monsterinsights_sitenote_note":"","_monsterinsights_sitenote_category":0,"footnotes":""},"categories":[104],"tags":[],"class_list":["post-14156","post","type-post","status-publish","format-standard","has-post-thumbnail","hentry","category-vie-associative"],"_links":{"self":[{"href":"https:\/\/ethiquemediagabon.net\/index.php?rest_route=\/wp\/v2\/posts\/14156","targetHints":{"allow":["GET"]}}],"collection":[{"href":"https:\/\/ethiquemediagabon.net\/index.php?rest_route=\/wp\/v2\/posts"}],"about":[{"href":"https:\/\/ethiquemediagabon.net\/index.php?rest_route=\/wp\/v2\/types\/post"}],"author":[{"embeddable":true,"href":"https:\/\/ethiquemediagabon.net\/index.php?rest_route=\/wp\/v2\/users\/5"}],"replies":[{"embeddable":true,"href":"https:\/\/ethiquemediagabon.net\/index.php?rest_route=%2Fwp%2Fv2%2Fcomments&post=14156"}],"version-history":[{"count":1,"href":"https:\/\/ethiquemediagabon.net\/index.php?rest_route=\/wp\/v2\/posts\/14156\/revisions"}],"predecessor-version":[{"id":14158,"href":"https:\/\/ethiquemediagabon.net\/index.php?rest_route=\/wp\/v2\/posts\/14156\/revisions\/14158"}],"wp:featuredmedia":[{"embeddable":true,"href":"https:\/\/ethiquemediagabon.net\/index.php?rest_route=\/wp\/v2\/media\/14157"}],"wp:attachment":[{"href":"https:\/\/ethiquemediagabon.net\/index.php?rest_route=%2Fwp%2Fv2%2Fmedia&parent=14156"}],"wp:term":[{"taxonomy":"category","embeddable":true,"href":"https:\/\/ethiquemediagabon.net\/index.php?rest_route=%2Fwp%2Fv2%2Fcategories&post=14156"},{"taxonomy":"post_tag","embeddable":true,"href":"https:\/\/ethiquemediagabon.net\/index.php?rest_route=%2Fwp%2Fv2%2Ftags&post=14156"}],"curies":[{"name":"wp","href":"https:\/\/api.w.org\/{rel}","templated":true}]}}