{"id":14411,"date":"2026-04-26T15:33:52","date_gmt":"2026-04-26T13:33:52","guid":{"rendered":"https:\/\/ethiquemediagabon.net\/?p=14411"},"modified":"2026-04-26T15:40:12","modified_gmt":"2026-04-26T13:40:12","slug":"ministere-de-la-jeunesse-des-sports-du-rayonnementculturelet-des-artschargede-la-vie-associative-un-portefeuille-geant-aux-missions-trop-lourdes-pour-etre-efficaces","status":"publish","type":"post","link":"https:\/\/ethiquemediagabon.net\/?p=14411","title":{"rendered":"Minist\u00e8re de la Jeunesse, des Sports, du Rayonnement culturel et des Arts, charg\u00e9 de la Vie associative : un portefeuille g\u00e9ant aux missions trop lourdes pour \u00eatre efficaces ?"},"content":{"rendered":"<p style=\"text-align: justify;\"><span style=\"color: #0000ff; font-size: 18pt;\"><strong>Le minist\u00e8re de la Jeunesse, des Sports, du Rayonnement culturel et des Arts, charg\u00e9 de la Vie associative, appara\u00eet aujourd\u2019hui comme l\u2019un des portefeuilles minist\u00e9riels les plus vastes et complexes du gouvernement. \u00c0 lui seul, il regroupe des secteurs aux r\u00e9alit\u00e9s tr\u00e8s diff\u00e9rentes, allant de l\u2019encadrement de la jeunesse \u00e0 la gestion du sport national, en passant par la promotion culturelle et le suivi du tissu associatif. Une concentration de missions qui soul\u00e8ve de nombreuses interrogations sur son efficacit\u00e9 r\u00e9elle.<\/strong><\/span><\/p>\n<p style=\"text-align: justify;\"><span style=\"font-size: 18pt;\">Chaque domaine n\u00e9cessite pourtant une attention particuli\u00e8re. La jeunesse attend des politiques d\u2019insertion, de formation et d\u2019accompagnement. Le sport r\u00e9clame des infrastructures, une organisation rigoureuse et des r\u00e9sultats visibles. La culture, quant \u00e0 elle, exige une strat\u00e9gie de valorisation du patrimoine et de soutien aux artistes. <\/span><\/p>\n<p style=\"text-align: justify;\"><span style=\"font-size: 18pt;\">Enfin, la vie associative demande un dialogue constant avec les organisations citoyennes. R\u00e9unir ces priorit\u00e9s sous une seule autorit\u00e9 minist\u00e9rielle peut rapidement conduire \u00e0 un pilotage dispers\u00e9. <\/span><\/p>\n<p style=\"text-align: justify;\"><span style=\"font-size: 18pt;\">Dans les faits, ce type de super-minist\u00e8re expose le titulaire du poste \u00e0 une surcharge permanente. Entre urgences sportives, revendications des jeunes, \u00e9v\u00e9nements culturels et attentes du monde associatif, le risque est grand de voir certains dossiers rel\u00e9gu\u00e9s au second plan. L\u2019accumulation des comp\u00e9tences peut alors produire l\u2019effet inverse de celui recherch\u00e9, lenteur administrative, manque de visibilit\u00e9 et absence de r\u00e9sultats concrets.<\/span><\/p>\n<p style=\"text-align: justify;\"><span style=\"font-size: 18pt;\">Face \u00e0 cette situation, une r\u00e9organisation pourrait s\u2019imposer. La cr\u00e9ation de minist\u00e8res distincts ou de secr\u00e9tariats d\u2019\u00c9tat sp\u00e9cialis\u00e9s permettrait une meilleure lisibilit\u00e9 de l\u2019action publique et un suivi plus efficace des priorit\u00e9s nationales. <\/span><\/p>\n<p style=\"text-align: justify;\"><span style=\"font-size: 18pt;\">Car \u00e0 vouloir tout regrouper sous un m\u00eame toit, l\u2019\u00c9tat prend le risque de diluer des secteurs pourtant essentiels au d\u00e9veloppement du pays.<\/span><\/p>\n","protected":false},"excerpt":{"rendered":"<p>Le minist\u00e8re de la Jeunesse, des Sports, du Rayonnement culturel et des Arts, charg\u00e9 de la Vie associative, appara\u00eet aujourd\u2019hui comme l\u2019un des portefeuilles minist\u00e9riels les plus vastes et complexes du gouvernement. \u00c0 lui seul, il regroupe des secteurs aux r\u00e9alit\u00e9s tr\u00e8s diff\u00e9rentes, allant de l\u2019encadrement de la jeunesse \u00e0 la gestion du sport national, [&hellip;]<\/p>\n","protected":false},"author":4,"featured_media":14413,"comment_status":"open","ping_status":"open","sticky":false,"template":"","format":"standard","meta":{"om_disable_all_campaigns":false,"_monsterinsights_skip_tracking":false,"_monsterinsights_sitenote_active":false,"_monsterinsights_sitenote_note":"","_monsterinsights_sitenote_category":0,"footnotes":""},"categories":[23,31,36,13,321],"tags":[25,27,30,2996,56,459],"class_list":["post-14411","post","type-post","status-publish","format-standard","has-post-thumbnail","hentry","category-actualites","category-nationale","category-politique","category-bs-sport","category-vie-syndicale-et-associative","tag-ethique","tag-gabon","tag-media","tag-ministere-de-la-jeunesse-et-des-sports","tag-societe","tag-sport"],"_links":{"self":[{"href":"https:\/\/ethiquemediagabon.net\/index.php?rest_route=\/wp\/v2\/posts\/14411","targetHints":{"allow":["GET"]}}],"collection":[{"href":"https:\/\/ethiquemediagabon.net\/index.php?rest_route=\/wp\/v2\/posts"}],"about":[{"href":"https:\/\/ethiquemediagabon.net\/index.php?rest_route=\/wp\/v2\/types\/post"}],"author":[{"embeddable":true,"href":"https:\/\/ethiquemediagabon.net\/index.php?rest_route=\/wp\/v2\/users\/4"}],"replies":[{"embeddable":true,"href":"https:\/\/ethiquemediagabon.net\/index.php?rest_route=%2Fwp%2Fv2%2Fcomments&post=14411"}],"version-history":[{"count":4,"href":"https:\/\/ethiquemediagabon.net\/index.php?rest_route=\/wp\/v2\/posts\/14411\/revisions"}],"predecessor-version":[{"id":14417,"href":"https:\/\/ethiquemediagabon.net\/index.php?rest_route=\/wp\/v2\/posts\/14411\/revisions\/14417"}],"wp:featuredmedia":[{"embeddable":true,"href":"https:\/\/ethiquemediagabon.net\/index.php?rest_route=\/wp\/v2\/media\/14413"}],"wp:attachment":[{"href":"https:\/\/ethiquemediagabon.net\/index.php?rest_route=%2Fwp%2Fv2%2Fmedia&parent=14411"}],"wp:term":[{"taxonomy":"category","embeddable":true,"href":"https:\/\/ethiquemediagabon.net\/index.php?rest_route=%2Fwp%2Fv2%2Fcategories&post=14411"},{"taxonomy":"post_tag","embeddable":true,"href":"https:\/\/ethiquemediagabon.net\/index.php?rest_route=%2Fwp%2Fv2%2Ftags&post=14411"}],"curies":[{"name":"wp","href":"https:\/\/api.w.org\/{rel}","templated":true}]}}