{"id":14418,"date":"2026-04-27T08:24:15","date_gmt":"2026-04-27T06:24:15","guid":{"rendered":"https:\/\/ethiquemediagabon.net\/?p=14418"},"modified":"2026-04-27T08:24:15","modified_gmt":"2026-04-27T06:24:15","slug":"libreville-eugene-mba-officiellement-installe-a-la-tete-de-la-mairie","status":"publish","type":"post","link":"https:\/\/ethiquemediagabon.net\/?p=14418","title":{"rendered":"Libreville : Eug\u00e8ne Mba officiellement install\u00e9 \u00e0 la t\u00eate de la mairie"},"content":{"rendered":"<p>&nbsp;<\/p>\n<p style=\"text-align: justify;\"><span style=\"color: #0000ff; font-size: 18pt;\"><strong>Le vendredi 24 avril 2026, Eug\u00e8ne Mba a \u00e9t\u00e9 officiellement install\u00e9 dans ses fonctions de maire de la commune de Libreville au cours d\u2019une c\u00e9r\u00e9monie pr\u00e9sid\u00e9e par le ministre de l\u2019Int\u00e9rieur, de la S\u00e9curit\u00e9 et de la D\u00e9centralisation. L\u2019\u00e9v\u00e9nement s\u2019est d\u00e9roul\u00e9 en pr\u00e9sence du gouverneur de la province de l\u2019Estuaire, des \u00e9lus locaux ainsi que de plusieurs autorit\u00e9s administratives.<\/strong><\/span><\/p>\n<p style=\"text-align: justify;\"><span style=\"font-size: 18pt;\">\u00c9lu avec 98,7 % des suffrages par le coll\u00e8ge des Conseillers municipaux, le nouveau maire a imm\u00e9diatement proc\u00e9d\u00e9 \u00e0 la nomination de ses adjoints. Jean Jacques Kangue occupe le poste de 1er adjoint, suivi de Rom\u00e9o Mouyopa, Issa Malam Salatou, Natacha Bienvenue Mengue Mbeng et Thierry Nkolo Akendengue, respectivement nomm\u00e9s aux autres postes d\u2019adjoints.<\/span><\/p>\n<p style=\"text-align: justify;\"><span style=\"font-size: 18pt;\">Dans son allocution, Eug\u00e8ne Mba a invit\u00e9 l\u2019ensemble des conseillers municipaux \u00e0 d\u00e9passer les clivages politiques et les int\u00e9r\u00eats particuliers afin de privil\u00e9gier l\u2019unit\u00e9 et l\u2019int\u00e9r\u00eat g\u00e9n\u00e9ral de la commune. Il a \u00e9galement pr\u00e9sent\u00e9 sa feuille de route pour la capitale, fond\u00e9e sur le concept des \u00ab 3A \u00bb, am\u00e9nager la ville, a\u00e9rer l\u2019espace urbain et rendre Libreville plus agr\u00e9able \u00e0 vivre.<\/span><\/p>\n<p style=\"text-align: justify;\"><span style=\"font-size: 18pt;\">Prenant la parole \u00e0 son tour, le ministre de l\u2019Int\u00e9rieur a insist\u00e9 sur les imp\u00e9ratifs de rigueur administrative et de bonne gouvernance. <\/span><\/p>\n<p style=\"text-align: justify;\"><span style=\"font-size: 18pt;\">En outre, il a rappel\u00e9 que la priorit\u00e9 fix\u00e9e par le pr\u00e9sident de la R\u00e9publique, Brice Clotaire Oligui Nguema, demeure l\u2019augmentation des ressources financi\u00e8res de la commune, condition essentielle pour soutenir durablement le d\u00e9veloppement de Libreville.<\/span><\/p>\n","protected":false},"excerpt":{"rendered":"<p>&nbsp; Le vendredi 24 avril 2026, Eug\u00e8ne Mba a \u00e9t\u00e9 officiellement install\u00e9 dans ses fonctions de maire de la commune de Libreville au cours d\u2019une c\u00e9r\u00e9monie pr\u00e9sid\u00e9e par le ministre de l\u2019Int\u00e9rieur, de la S\u00e9curit\u00e9 et de la D\u00e9centralisation. L\u2019\u00e9v\u00e9nement s\u2019est d\u00e9roul\u00e9 en pr\u00e9sence du gouverneur de la province de l\u2019Estuaire, des \u00e9lus locaux ainsi [&hellip;]<\/p>\n","protected":false},"author":4,"featured_media":14419,"comment_status":"open","ping_status":"open","sticky":false,"template":"","format":"standard","meta":{"om_disable_all_campaigns":false,"_monsterinsights_skip_tracking":false,"_monsterinsights_sitenote_active":false,"_monsterinsights_sitenote_note":"","_monsterinsights_sitenote_category":0,"footnotes":""},"categories":[23,31,36],"tags":[2997,25,487,27,2212,30,179,56],"class_list":["post-14418","post","type-post","status-publish","format-standard","has-post-thumbnail","hentry","category-actualites","category-nationale","category-politique","tag-conseillers-municipaux","tag-ethique","tag-eugene-mba","tag-gabon","tag-mairie-de-libreville","tag-media","tag-politique","tag-societe"],"_links":{"self":[{"href":"https:\/\/ethiquemediagabon.net\/index.php?rest_route=\/wp\/v2\/posts\/14418","targetHints":{"allow":["GET"]}}],"collection":[{"href":"https:\/\/ethiquemediagabon.net\/index.php?rest_route=\/wp\/v2\/posts"}],"about":[{"href":"https:\/\/ethiquemediagabon.net\/index.php?rest_route=\/wp\/v2\/types\/post"}],"author":[{"embeddable":true,"href":"https:\/\/ethiquemediagabon.net\/index.php?rest_route=\/wp\/v2\/users\/4"}],"replies":[{"embeddable":true,"href":"https:\/\/ethiquemediagabon.net\/index.php?rest_route=%2Fwp%2Fv2%2Fcomments&post=14418"}],"version-history":[{"count":1,"href":"https:\/\/ethiquemediagabon.net\/index.php?rest_route=\/wp\/v2\/posts\/14418\/revisions"}],"predecessor-version":[{"id":14420,"href":"https:\/\/ethiquemediagabon.net\/index.php?rest_route=\/wp\/v2\/posts\/14418\/revisions\/14420"}],"wp:featuredmedia":[{"embeddable":true,"href":"https:\/\/ethiquemediagabon.net\/index.php?rest_route=\/wp\/v2\/media\/14419"}],"wp:attachment":[{"href":"https:\/\/ethiquemediagabon.net\/index.php?rest_route=%2Fwp%2Fv2%2Fmedia&parent=14418"}],"wp:term":[{"taxonomy":"category","embeddable":true,"href":"https:\/\/ethiquemediagabon.net\/index.php?rest_route=%2Fwp%2Fv2%2Fcategories&post=14418"},{"taxonomy":"post_tag","embeddable":true,"href":"https:\/\/ethiquemediagabon.net\/index.php?rest_route=%2Fwp%2Fv2%2Ftags&post=14418"}],"curies":[{"name":"wp","href":"https:\/\/api.w.org\/{rel}","templated":true}]}}