{"id":14423,"date":"2026-04-27T11:59:41","date_gmt":"2026-04-27T09:59:41","guid":{"rendered":"https:\/\/ethiquemediagabon.net\/?p=14423"},"modified":"2026-04-27T11:59:41","modified_gmt":"2026-04-27T09:59:41","slug":"avenir-economique-du-gabon-albert-ondo-ossa-invite-dhonneur-au-senat-francais-dans-le-cadre-dune-conference","status":"publish","type":"post","link":"https:\/\/ethiquemediagabon.net\/?p=14423","title":{"rendered":"Avenir \u00e9conomique du Gabon : Albert Ondo Ossa, invit\u00e9 d&rsquo;honneur au S\u00e9nat fran\u00e7ais dans le cadre d&rsquo;une conf\u00e9rence"},"content":{"rendered":"<p style=\"text-align: justify;\">\n<p style=\"text-align: justify;\">\n<p style=\"text-align: justify;\"><strong><span style=\"font-size: 18pt; color: #0000ff;\">Le Professeur Albert Ondo Ossa prendra la parole au S\u00e9nat fran\u00e7ais, au Palais du Luxembourg \u00e0 Paris, dans le cadre d\u2019une conf\u00e9rence d\u00e9di\u00e9e \u00e0 l\u2019avenir \u00e9conomique du Gabon. Cette intervention, pr\u00e9vue le vendredi 15 mai 2026, s\u2019annonce comme un moment fort de r\u00e9flexion sur les perspectives de d\u00e9veloppement du pays.<\/span><\/strong><\/p>\n<p style=\"text-align: justify;\">\n<p style=\"text-align: justify;\"><span style=\"font-size: 18pt;\">Organis\u00e9 dans l\u2019enceinte de l\u2019une des institutions majeures de la R\u00e9publique fran\u00e7aise, cet \u00e9v\u00e9nement r\u00e9unira plusieurs acteurs int\u00e9ress\u00e9s par les dynamiques \u00e9conomiques gabonaises, les opportunit\u00e9s d\u2019investissement ainsi que les r\u00e9formes n\u00e9cessaires pour relancer la croissance nationale.<\/span><\/p>\n<p style=\"text-align: justify;\">\n<p style=\"text-align: justify;\"><span style=\"font-size: 18pt;\">Figure reconnue du d\u00e9bat public gabonais, Albert Ondo Ossa devrait partager sa vision sur les grands d\u00e9fis structurels du Gabon, notamment la diversification de l\u2019\u00e9conomie, la gouvernance, l\u2019emploi des jeunes et la valorisation des ressources nationales.<\/span><\/p>\n<p style=\"text-align: justify;\">\n<p style=\"text-align: justify;\"><span style=\"font-size: 18pt;\">Pr\u00e9vue de 14h00 \u00e0 19h00, cette conf\u00e9rence au Palais du Luxembourg pourrait offrir une tribune strat\u00e9gique pour repositionner le Gabon au c\u0153ur des \u00e9changes internationaux et nourrir le d\u00e9bat sur son avenir \u00e9conomique.<\/span><\/p>\n","protected":false},"excerpt":{"rendered":"<p>Le Professeur Albert Ondo Ossa prendra la parole au S\u00e9nat fran\u00e7ais, au Palais du Luxembourg \u00e0 Paris, dans le cadre d\u2019une conf\u00e9rence d\u00e9di\u00e9e \u00e0 l\u2019avenir \u00e9conomique du Gabon. Cette intervention, pr\u00e9vue le vendredi 15 mai 2026, s\u2019annonce comme un moment fort de r\u00e9flexion sur les perspectives de d\u00e9veloppement du pays. Organis\u00e9 dans l\u2019enceinte de l\u2019une [&hellip;]<\/p>\n","protected":false},"author":5,"featured_media":14366,"comment_status":"open","ping_status":"open","sticky":false,"template":"","format":"standard","meta":{"om_disable_all_campaigns":false,"_monsterinsights_skip_tracking":false,"_monsterinsights_sitenote_active":false,"_monsterinsights_sitenote_note":"","_monsterinsights_sitenote_category":0,"footnotes":""},"categories":[35],"tags":[],"class_list":["post-14423","post","type-post","status-publish","format-standard","has-post-thumbnail","hentry","category-economie"],"_links":{"self":[{"href":"https:\/\/ethiquemediagabon.net\/index.php?rest_route=\/wp\/v2\/posts\/14423","targetHints":{"allow":["GET"]}}],"collection":[{"href":"https:\/\/ethiquemediagabon.net\/index.php?rest_route=\/wp\/v2\/posts"}],"about":[{"href":"https:\/\/ethiquemediagabon.net\/index.php?rest_route=\/wp\/v2\/types\/post"}],"author":[{"embeddable":true,"href":"https:\/\/ethiquemediagabon.net\/index.php?rest_route=\/wp\/v2\/users\/5"}],"replies":[{"embeddable":true,"href":"https:\/\/ethiquemediagabon.net\/index.php?rest_route=%2Fwp%2Fv2%2Fcomments&post=14423"}],"version-history":[{"count":1,"href":"https:\/\/ethiquemediagabon.net\/index.php?rest_route=\/wp\/v2\/posts\/14423\/revisions"}],"predecessor-version":[{"id":14424,"href":"https:\/\/ethiquemediagabon.net\/index.php?rest_route=\/wp\/v2\/posts\/14423\/revisions\/14424"}],"wp:featuredmedia":[{"embeddable":true,"href":"https:\/\/ethiquemediagabon.net\/index.php?rest_route=\/wp\/v2\/media\/14366"}],"wp:attachment":[{"href":"https:\/\/ethiquemediagabon.net\/index.php?rest_route=%2Fwp%2Fv2%2Fmedia&parent=14423"}],"wp:term":[{"taxonomy":"category","embeddable":true,"href":"https:\/\/ethiquemediagabon.net\/index.php?rest_route=%2Fwp%2Fv2%2Fcategories&post=14423"},{"taxonomy":"post_tag","embeddable":true,"href":"https:\/\/ethiquemediagabon.net\/index.php?rest_route=%2Fwp%2Fv2%2Ftags&post=14423"}],"curies":[{"name":"wp","href":"https:\/\/api.w.org\/{rel}","templated":true}]}}