{"id":14425,"date":"2026-04-27T12:06:25","date_gmt":"2026-04-27T10:06:25","guid":{"rendered":"https:\/\/ethiquemediagabon.net\/?p=14425"},"modified":"2026-04-27T12:06:25","modified_gmt":"2026-04-27T10:06:25","slug":"transport-aerien-turkish-airlines-quitte-le-ciel-gabonais-apres-treize-annees-de-presence","status":"publish","type":"post","link":"https:\/\/ethiquemediagabon.net\/?p=14425","title":{"rendered":"Transport a\u00e9rien : Turkish Airlines quitte le ciel gabonais apr\u00e8s treize ann\u00e9es de pr\u00e9sence"},"content":{"rendered":"<p style=\"text-align: justify;\">\n<p style=\"text-align: justify;\">\n<p style=\"text-align: justify;\"><strong><span style=\"font-size: 18pt; color: #0000ff;\">La compagnie a\u00e9rienne Turkish Airlines s\u2019appr\u00eate \u00e0 tourner une page importante de son histoire au Gabon. Apr\u00e8s treize ans d\u2019exploitation sur la ligne desservant Libreville, le transporteur turc a annonc\u00e9 l\u2019arr\u00eat prochain de ses activit\u00e9s dans le pays. Une d\u00e9cision qui marque la fin d\u2019une pr\u00e9sence notable sur le tarmac de l\u2019a\u00e9roport international L\u00e9on-Mba.<\/span><\/strong><\/p>\n<p style=\"text-align: justify;\">\n<p style=\"text-align: justify;\"><span style=\"font-size: 18pt;\">Selon les informations disponibles, l\u2019ultime rotation reliant Istanbul \u00e0 Libreville, avec une escale \u00e0 Pointe-Noire, est programm\u00e9e pour le 6 juin 2026. La suspension officielle des vols interviendra quelques jours plus tard, \u00e0 compter du 15 juin. Cette \u00e9ch\u00e9ance mettra un terme aux liaisons r\u00e9guli\u00e8res entre le Gabon et la Turquie assur\u00e9es par la compagnie.<\/span><\/p>\n<p style=\"text-align: justify;\">\n<p style=\"text-align: justify;\"><span style=\"font-size: 18pt;\">Ce d\u00e9part ne concerne pas uniquement Libreville. Il s\u2019inscrit dans un vaste plan de restructuration engag\u00e9 par Turkish Airlines, qui pr\u00e9voit la suspension de ses op\u00e9rations sur dix-huit destinations \u00e0 travers le monde. La compagnie semble ainsi vouloir recentrer son r\u00e9seau sur des march\u00e9s jug\u00e9s plus strat\u00e9giques ou plus rentables.<\/span><\/p>\n<p style=\"text-align: justify;\">\n<p style=\"text-align: justify;\"><span style=\"font-size: 18pt;\">Pour le Gabon, ce retrait repr\u00e9sente une perte significative en mati\u00e8re de connectivit\u00e9 internationale. Turkish Airlines offrait une ouverture vers l\u2019Europe, l\u2019Asie et le Moyen-Orient via son hub d\u2019Istanbul. Les voyageurs gabonais devront d\u00e9sormais se tourner vers d\u2019autres transporteurs pour rejoindre ces destinations.<\/span><\/p>\n","protected":false},"excerpt":{"rendered":"<p>La compagnie a\u00e9rienne Turkish Airlines s\u2019appr\u00eate \u00e0 tourner une page importante de son histoire au Gabon. Apr\u00e8s treize ans d\u2019exploitation sur la ligne desservant Libreville, le transporteur turc a annonc\u00e9 l\u2019arr\u00eat prochain de ses activit\u00e9s dans le pays. Une d\u00e9cision qui marque la fin d\u2019une pr\u00e9sence notable sur le tarmac de l\u2019a\u00e9roport international L\u00e9on-Mba. Selon [&hellip;]<\/p>\n","protected":false},"author":5,"featured_media":14426,"comment_status":"open","ping_status":"open","sticky":false,"template":"","format":"standard","meta":{"om_disable_all_campaigns":false,"_monsterinsights_skip_tracking":false,"_monsterinsights_sitenote_active":false,"_monsterinsights_sitenote_note":"","_monsterinsights_sitenote_category":0,"footnotes":""},"categories":[23],"tags":[],"class_list":["post-14425","post","type-post","status-publish","format-standard","has-post-thumbnail","hentry","category-actualites"],"_links":{"self":[{"href":"https:\/\/ethiquemediagabon.net\/index.php?rest_route=\/wp\/v2\/posts\/14425","targetHints":{"allow":["GET"]}}],"collection":[{"href":"https:\/\/ethiquemediagabon.net\/index.php?rest_route=\/wp\/v2\/posts"}],"about":[{"href":"https:\/\/ethiquemediagabon.net\/index.php?rest_route=\/wp\/v2\/types\/post"}],"author":[{"embeddable":true,"href":"https:\/\/ethiquemediagabon.net\/index.php?rest_route=\/wp\/v2\/users\/5"}],"replies":[{"embeddable":true,"href":"https:\/\/ethiquemediagabon.net\/index.php?rest_route=%2Fwp%2Fv2%2Fcomments&post=14425"}],"version-history":[{"count":1,"href":"https:\/\/ethiquemediagabon.net\/index.php?rest_route=\/wp\/v2\/posts\/14425\/revisions"}],"predecessor-version":[{"id":14427,"href":"https:\/\/ethiquemediagabon.net\/index.php?rest_route=\/wp\/v2\/posts\/14425\/revisions\/14427"}],"wp:featuredmedia":[{"embeddable":true,"href":"https:\/\/ethiquemediagabon.net\/index.php?rest_route=\/wp\/v2\/media\/14426"}],"wp:attachment":[{"href":"https:\/\/ethiquemediagabon.net\/index.php?rest_route=%2Fwp%2Fv2%2Fmedia&parent=14425"}],"wp:term":[{"taxonomy":"category","embeddable":true,"href":"https:\/\/ethiquemediagabon.net\/index.php?rest_route=%2Fwp%2Fv2%2Fcategories&post=14425"},{"taxonomy":"post_tag","embeddable":true,"href":"https:\/\/ethiquemediagabon.net\/index.php?rest_route=%2Fwp%2Fv2%2Ftags&post=14425"}],"curies":[{"name":"wp","href":"https:\/\/api.w.org\/{rel}","templated":true}]}}