{"id":14440,"date":"2026-04-30T14:17:28","date_gmt":"2026-04-30T12:17:28","guid":{"rendered":"https:\/\/ethiquemediagabon.net\/?p=14440"},"modified":"2026-04-30T14:19:42","modified_gmt":"2026-04-30T12:19:42","slug":"liberte-de-la-presse-le-gabon-recule-de-deux-places-au-classement-rsf","status":"publish","type":"post","link":"https:\/\/ethiquemediagabon.net\/?p=14440","title":{"rendered":"Libert\u00e9 de la presse: le Gabon recule de deux places au classement RSF"},"content":{"rendered":"<p style=\"text-align: justify;\"><span style=\"color: #0000ff; font-size: 18pt;\"><strong>Dans le Classement mondial de la libert\u00e9 de la presse 2026 publi\u00e9 par Reporters sans fronti\u00e8res (RSF), le Gabon perd deux places par rapport \u00e0 l\u2019\u00e9dition pr\u00e9c\u00e9dente. Le pays passe de la 41e \u00e0 la 43e position sur 180 pays \u00e9valu\u00e9s. Le Gabon se situe entre Maurice, 42e, et la Gambie, 46e. <\/strong><\/span><\/p>\n<p style=\"text-align: justify;\"><span style=\"font-size: 18pt;\">Avec ses voisins imm\u00e9diats de la sous-r\u00e9gion, le Gabon est leader. Il devance la R\u00e9publique du Congo (Brazzaville) 68e, le Tchad 93e, la Guin\u00e9e \u00e9quatoriale 94e, la RDC 130e et le Cameroun 133e. <\/span><\/p>\n<p style=\"text-align: justify;\"><span style=\"font-size: 18pt;\">Cette position dans la sous-r\u00e9gion est une preuve d&rsquo;un leadership sous-r\u00e9gionale av\u00e9r\u00e9, mais qui ne pourrait occulter la r\u00e9alit\u00e9 sur les difficult\u00e9s rencontr\u00e9es par les professionnels de ce secteur, tout comme leurs espoirs et attentes pour une presse gabonaise plus libre, plus \u00e9panouie, professionnelle et qui ne s&rsquo;auto-censure pas par peur des repr\u00e9sailles.<\/span><\/p>\n<p style=\"text-align: justify;\"><span style=\"font-size: 18pt;\">Rappelons que pour parvenir \u00e0 cette classification, RSF s&rsquo;appuie sur des indicateurs tels que: le contexte politique, le cadre l\u00e9gal, le contexte \u00e9conomique, le contexte socioculturel et la s\u00e9curit\u00e9 des journalistes. <\/span><\/p>\n<p style=\"text-align: justify;\"><span style=\"font-size: 18pt;\">Ainsi donc, face \u00e0 cette petite r\u00e9gression du classement du pays par rapport \u00e0 l&rsquo;\u00e9dition pr\u00e9c\u00e9dente, les acteurs et organisations de d\u00e9fense de la presse au Gabon doivent demeurer vigilants et continuer de lutter pour une presse plus libre, qui ferait de moins \u00e0 moins face aux difficult\u00e9s d&rsquo;acc\u00e8s \u00e0 l\u2019information publique et \u00e0 des conditions \u00e9conomiques pr\u00e9caires.<\/span><\/p>\n<p>&nbsp;<\/p>\n<p>&nbsp;<\/p>\n<p>&nbsp;<\/p>\n<p>&nbsp;<\/p>\n<p>&nbsp;<\/p>\n<p>&nbsp;<\/p>\n","protected":false},"excerpt":{"rendered":"<p>Dans le Classement mondial de la libert\u00e9 de la presse 2026 publi\u00e9 par Reporters sans fronti\u00e8res (RSF), le Gabon perd deux places par rapport \u00e0 l\u2019\u00e9dition pr\u00e9c\u00e9dente. Le pays passe de la 41e \u00e0 la 43e position sur 180 pays \u00e9valu\u00e9s. Le Gabon se situe entre Maurice, 42e, et la Gambie, 46e. Avec ses voisins [&hellip;]<\/p>\n","protected":false},"author":4,"featured_media":14443,"comment_status":"open","ping_status":"open","sticky":false,"template":"","format":"standard","meta":{"om_disable_all_campaigns":false,"_monsterinsights_skip_tracking":false,"_monsterinsights_sitenote_active":false,"_monsterinsights_sitenote_note":"","_monsterinsights_sitenote_category":0,"footnotes":""},"categories":[23,22],"tags":[3001,3000,25,27,2657,30,1726,56],"class_list":["post-14440","post","type-post","status-publish","format-standard","has-post-thumbnail","hentry","category-actualites","category-societe","tag-classe-2026","tag-esf","tag-ethique","tag-gabon","tag-liberte-de-la-presse","tag-media","tag-reporters-sans-frontieres","tag-societe"],"_links":{"self":[{"href":"https:\/\/ethiquemediagabon.net\/index.php?rest_route=\/wp\/v2\/posts\/14440","targetHints":{"allow":["GET"]}}],"collection":[{"href":"https:\/\/ethiquemediagabon.net\/index.php?rest_route=\/wp\/v2\/posts"}],"about":[{"href":"https:\/\/ethiquemediagabon.net\/index.php?rest_route=\/wp\/v2\/types\/post"}],"author":[{"embeddable":true,"href":"https:\/\/ethiquemediagabon.net\/index.php?rest_route=\/wp\/v2\/users\/4"}],"replies":[{"embeddable":true,"href":"https:\/\/ethiquemediagabon.net\/index.php?rest_route=%2Fwp%2Fv2%2Fcomments&post=14440"}],"version-history":[{"count":1,"href":"https:\/\/ethiquemediagabon.net\/index.php?rest_route=\/wp\/v2\/posts\/14440\/revisions"}],"predecessor-version":[{"id":14442,"href":"https:\/\/ethiquemediagabon.net\/index.php?rest_route=\/wp\/v2\/posts\/14440\/revisions\/14442"}],"wp:featuredmedia":[{"embeddable":true,"href":"https:\/\/ethiquemediagabon.net\/index.php?rest_route=\/wp\/v2\/media\/14443"}],"wp:attachment":[{"href":"https:\/\/ethiquemediagabon.net\/index.php?rest_route=%2Fwp%2Fv2%2Fmedia&parent=14440"}],"wp:term":[{"taxonomy":"category","embeddable":true,"href":"https:\/\/ethiquemediagabon.net\/index.php?rest_route=%2Fwp%2Fv2%2Fcategories&post=14440"},{"taxonomy":"post_tag","embeddable":true,"href":"https:\/\/ethiquemediagabon.net\/index.php?rest_route=%2Fwp%2Fv2%2Ftags&post=14440"}],"curies":[{"name":"wp","href":"https:\/\/api.w.org\/{rel}","templated":true}]}}