{"id":14445,"date":"2026-05-01T07:23:32","date_gmt":"2026-05-01T05:23:32","guid":{"rendered":"https:\/\/ethiquemediagabon.net\/?p=14445"},"modified":"2026-05-01T07:24:54","modified_gmt":"2026-05-01T05:24:54","slug":"1er-mai-au-gabon-entre-celebration-symbolique-et-attentes-sociales-persistantes","status":"publish","type":"post","link":"https:\/\/ethiquemediagabon.net\/?p=14445","title":{"rendered":"1er mai au Gabon : entre c\u00e9l\u00e9bration symbolique et attentes sociales persistantes"},"content":{"rendered":"<p>&nbsp;<\/p>\n<p style=\"text-align: justify;\"><span style=\"color: #0000ff; font-size: 18pt;\"><strong>\u00c0 l\u2019occasion de la F\u00eate du Travail, le Gabon, comme de nombreux pays \u00e0 travers la plan\u00e8te, met en lumi\u00e8re les revendications et les r\u00e9alit\u00e9s du monde du travail. D\u00e9fil\u00e9s, discours officiels et prises de parole syndicales rythment cette journ\u00e9e d\u00e9di\u00e9e aux travailleurs. Mais au-del\u00e0 du symbole, une question essentielle demeure : quel impact r\u00e9el cette c\u00e9l\u00e9bration a-t-elle sur les conditions de vie des travailleurs gabonais ?<\/strong><\/span><\/p>\n<p style=\"text-align: justify;\"><span style=\"font-size: 18pt;\">Sur le plan social, les avanc\u00e9es restent contrast\u00e9es. Si certaines mesures gouvernementales ont \u00e9t\u00e9 annonc\u00e9es ces derni\u00e8res ann\u00e9es pour am\u00e9liorer le pouvoir d\u2019achat et r\u00e9guler le march\u00e9 de l\u2019emploi, de nombreux travailleurs continuent de faire face \u00e0 la pr\u00e9carit\u00e9, aux retards de salaires ou encore \u00e0 l\u2019insuffisance de protection sociale. \u00c0 ce titre, l<\/span><span style=\"font-size: 18pt;\">e 1er mai appara\u00eet alors beaucoup plus comme un moment d\u2019expression des frustrations que comme un v\u00e9ritable levier de transformation sociale imm\u00e9diate.<\/span><\/p>\n<p style=\"text-align: justify;\"><span style=\"font-size: 18pt;\">Ce constat a fait \u00e9cho aux r\u00e9centes \u00e9lections professionnelles organis\u00e9es dans plusieurs administrations et entreprises publiques, notamment \u00e0 la Maison Georges Rawiri. La victoire du Syndicat des professionnels de la communication illustre une volont\u00e9 des travailleurs de se doter de repr\u00e9sentants plus combatifs et cr\u00e9dibles. Ces scrutins traduisent une recomposition du paysage syndical, o\u00f9 la l\u00e9gitimit\u00e9 se construit d\u00e9sormais sur la capacit\u00e9 \u00e0 obtenir des r\u00e9sultats tangibles plut\u00f4t que sur des positions historiques.<\/span><\/p>\n<p style=\"text-align: justify;\"><span style=\"font-size: 18pt;\">Cependant, cette dynamique soul\u00e8ve aussi des interrogations. Le renouvellement des acteurs syndicaux suffira-t-il \u00e0 infl\u00e9chir durablement les politiques sociales? Sans un dialogue social structur\u00e9 et une r\u00e9elle volont\u00e9 politique d\u2019int\u00e9grer les revendications dans les d\u00e9cisions publiques, le risque de voir persister le d\u00e9calage entre les aspirations des travailleurs et les r\u00e9ponses institutionnelles pourrait demeurer.<\/span><\/p>\n<p style=\"text-align: justify;\"><span style=\"font-size: 18pt;\">En d\u00e9finitive, la c\u00e9l\u00e9bration du 1er mai au Gabon conserve une forte port\u00e9e symbolique, mais son impact r\u00e9el d\u00e9pend largement des suites qui lui sont donn\u00e9es. Entre attentes sociales \u00e9lev\u00e9es et recomposition syndicale en cours, les travailleurs gabonais semblent aujourd\u2019hui \u00eatre \u00e0 la crois\u00e9e des chemins, dans l\u2019espoir que les engagements exprim\u00e9s ne restent pas lettre morte.<\/span><\/p>\n","protected":false},"excerpt":{"rendered":"<p>&nbsp; \u00c0 l\u2019occasion de la F\u00eate du Travail, le Gabon, comme de nombreux pays \u00e0 travers la plan\u00e8te, met en lumi\u00e8re les revendications et les r\u00e9alit\u00e9s du monde du travail. D\u00e9fil\u00e9s, discours officiels et prises de parole syndicales rythment cette journ\u00e9e d\u00e9di\u00e9e aux travailleurs. Mais au-del\u00e0 du symbole, une question essentielle demeure : quel impact [&hellip;]<\/p>\n","protected":false},"author":4,"featured_media":14446,"comment_status":"open","ping_status":"open","sticky":false,"template":"","format":"standard","meta":{"om_disable_all_campaigns":false,"_monsterinsights_skip_tracking":false,"_monsterinsights_sitenote_active":false,"_monsterinsights_sitenote_note":"","_monsterinsights_sitenote_category":0,"footnotes":""},"categories":[23,34,22],"tags":[1620,2976,25,2644,27,30,56],"class_list":["post-14445","post","type-post","status-publish","format-standard","has-post-thumbnail","hentry","category-actualites","category-sociale","category-societe","tag-1er-mai","tag-2976","tag-ethique","tag-fete-du-travail","tag-gabon","tag-media","tag-societe"],"_links":{"self":[{"href":"https:\/\/ethiquemediagabon.net\/index.php?rest_route=\/wp\/v2\/posts\/14445","targetHints":{"allow":["GET"]}}],"collection":[{"href":"https:\/\/ethiquemediagabon.net\/index.php?rest_route=\/wp\/v2\/posts"}],"about":[{"href":"https:\/\/ethiquemediagabon.net\/index.php?rest_route=\/wp\/v2\/types\/post"}],"author":[{"embeddable":true,"href":"https:\/\/ethiquemediagabon.net\/index.php?rest_route=\/wp\/v2\/users\/4"}],"replies":[{"embeddable":true,"href":"https:\/\/ethiquemediagabon.net\/index.php?rest_route=%2Fwp%2Fv2%2Fcomments&post=14445"}],"version-history":[{"count":1,"href":"https:\/\/ethiquemediagabon.net\/index.php?rest_route=\/wp\/v2\/posts\/14445\/revisions"}],"predecessor-version":[{"id":14447,"href":"https:\/\/ethiquemediagabon.net\/index.php?rest_route=\/wp\/v2\/posts\/14445\/revisions\/14447"}],"wp:featuredmedia":[{"embeddable":true,"href":"https:\/\/ethiquemediagabon.net\/index.php?rest_route=\/wp\/v2\/media\/14446"}],"wp:attachment":[{"href":"https:\/\/ethiquemediagabon.net\/index.php?rest_route=%2Fwp%2Fv2%2Fmedia&parent=14445"}],"wp:term":[{"taxonomy":"category","embeddable":true,"href":"https:\/\/ethiquemediagabon.net\/index.php?rest_route=%2Fwp%2Fv2%2Fcategories&post=14445"},{"taxonomy":"post_tag","embeddable":true,"href":"https:\/\/ethiquemediagabon.net\/index.php?rest_route=%2Fwp%2Fv2%2Ftags&post=14445"}],"curies":[{"name":"wp","href":"https:\/\/api.w.org\/{rel}","templated":true}]}}