{"id":14448,"date":"2026-05-01T11:05:48","date_gmt":"2026-05-01T09:05:48","guid":{"rendered":"https:\/\/ethiquemediagabon.net\/?p=14448"},"modified":"2026-05-01T11:08:05","modified_gmt":"2026-05-01T09:08:05","slug":"tenue-africaine-dans-ladministration-publique-un-projet-de-decret-qui-suscite-deja-debats-et-interrogations","status":"publish","type":"post","link":"https:\/\/ethiquemediagabon.net\/?p=14448","title":{"rendered":"Tenue africaine dans l\u2019administration publique : un projet de d\u00e9cret qui suscite d\u00e9j\u00e0 d\u00e9bats et interrogations"},"content":{"rendered":"<p style=\"text-align: justify;\"><span style=\"color: #0000ff; font-size: 18pt;\"><strong>Un projet de d\u00e9cret visant \u00e0 instaurer le port de la tenue africaine dans l\u2019administration publique a r\u00e9cemment \u00e9t\u00e9 d\u00e9voil\u00e9, suscitant \u00e0 la fois int\u00e9r\u00eat et questionnements. Pris en application des dispositions constitutionnelles lors du Conseil des ministres du 30 avril 2026, ce texte pr\u00e9voit l\u2019obligation pour les agents publics de porter une tenue africaine chaque vendredi, dans l\u2019ensemble des administrations concern\u00e9es.<\/strong><\/span><\/p>\n<p style=\"text-align: justify;\"><span style=\"font-size: 18pt;\">Pour \u00eatre pr\u00e9cis, le texte pr\u00e9cise les tenues autoris\u00e9es selon le genre. Pour les hommes, il s\u2019agit notamment du pantalon et de la chemise en pagne, du boubou, ou encore d\u2019ensembles confectionn\u00e9s en tissus africains. Pour les femmes, la grande robe brod\u00e9e, le pagne accompagn\u00e9 d\u2019un corsage d\u2019apparat, ainsi que le foulard africain sont admis. <\/span><\/p>\n<p style=\"text-align: justify;\"><span style=\"font-size: 18pt;\">L\u2019objectif affich\u00e9 semble \u00eatre la valorisation des identit\u00e9s culturelles \u00e0 travers l\u2019habillement professionnel.<\/span><\/p>\n<p style=\"text-align: justify;\"><span style=\"font-size: 18pt;\">Toutefois, le texte exclut certaines cat\u00e9gories, notamment les forces de d\u00e9fense et de s\u00e9curit\u00e9, ainsi que les corps de m\u00e9tier soumis \u00e0 des tenues r\u00e9glementaires sp\u00e9cifiques. <\/span><\/p>\n<p style=\"text-align: justify;\"><span style=\"font-size: 18pt;\">Le contr\u00f4le du respect de ces dispositions serait assur\u00e9 par la hi\u00e9rarchie administrative, notamment les chefs de service et directeurs.<\/span><\/p>\n<p style=\"text-align: justify;\"><span style=\"font-size: 18pt;\">Si certains observateurs saluent une initiative en faveur de la promotion culturelle et de l\u2019identit\u00e9 nationale, d\u2019autres s\u2019interrogent sur ses implications pratiques et sociales. La question de la contrainte vestimentaire en milieu professionnel, ainsi que celle de l\u2019adaptation aux r\u00e9alit\u00e9s \u00e9conomiques des agents, alimentent les discussions. <\/span><\/p>\n<p style=\"text-align: justify;\"><span style=\"font-size: 18pt;\">En l\u2019absence d\u2019entr\u00e9e en vigueur officielle, le projet reste pour l\u2019instant au stade de proposition, dans l\u2019attente d\u2019\u00e9ventuelles clarifications ou ajustements.<\/span><\/p>\n","protected":false},"excerpt":{"rendered":"<p>Un projet de d\u00e9cret visant \u00e0 instaurer le port de la tenue africaine dans l\u2019administration publique a r\u00e9cemment \u00e9t\u00e9 d\u00e9voil\u00e9, suscitant \u00e0 la fois int\u00e9r\u00eat et questionnements. Pris en application des dispositions constitutionnelles lors du Conseil des ministres du 30 avril 2026, ce texte pr\u00e9voit l\u2019obligation pour les agents publics de porter une tenue africaine [&hellip;]<\/p>\n","protected":false},"author":4,"featured_media":14450,"comment_status":"open","ping_status":"open","sticky":false,"template":"","format":"standard","meta":{"om_disable_all_campaigns":false,"_monsterinsights_skip_tracking":false,"_monsterinsights_sitenote_active":false,"_monsterinsights_sitenote_note":"","_monsterinsights_sitenote_category":0,"footnotes":""},"categories":[23,92,22],"tags":[865,25,27,30,56,3002,3003],"class_list":["post-14448","post","type-post","status-publish","format-standard","has-post-thumbnail","hentry","category-actualites","category-edu-art-culture","category-societe","tag-conseil-des-ministres","tag-ethique","tag-gabon","tag-media","tag-societe","tag-tenue-africaine","tag-valorisation-culture"],"_links":{"self":[{"href":"https:\/\/ethiquemediagabon.net\/index.php?rest_route=\/wp\/v2\/posts\/14448","targetHints":{"allow":["GET"]}}],"collection":[{"href":"https:\/\/ethiquemediagabon.net\/index.php?rest_route=\/wp\/v2\/posts"}],"about":[{"href":"https:\/\/ethiquemediagabon.net\/index.php?rest_route=\/wp\/v2\/types\/post"}],"author":[{"embeddable":true,"href":"https:\/\/ethiquemediagabon.net\/index.php?rest_route=\/wp\/v2\/users\/4"}],"replies":[{"embeddable":true,"href":"https:\/\/ethiquemediagabon.net\/index.php?rest_route=%2Fwp%2Fv2%2Fcomments&post=14448"}],"version-history":[{"count":1,"href":"https:\/\/ethiquemediagabon.net\/index.php?rest_route=\/wp\/v2\/posts\/14448\/revisions"}],"predecessor-version":[{"id":14451,"href":"https:\/\/ethiquemediagabon.net\/index.php?rest_route=\/wp\/v2\/posts\/14448\/revisions\/14451"}],"wp:featuredmedia":[{"embeddable":true,"href":"https:\/\/ethiquemediagabon.net\/index.php?rest_route=\/wp\/v2\/media\/14450"}],"wp:attachment":[{"href":"https:\/\/ethiquemediagabon.net\/index.php?rest_route=%2Fwp%2Fv2%2Fmedia&parent=14448"}],"wp:term":[{"taxonomy":"category","embeddable":true,"href":"https:\/\/ethiquemediagabon.net\/index.php?rest_route=%2Fwp%2Fv2%2Fcategories&post=14448"},{"taxonomy":"post_tag","embeddable":true,"href":"https:\/\/ethiquemediagabon.net\/index.php?rest_route=%2Fwp%2Fv2%2Ftags&post=14448"}],"curies":[{"name":"wp","href":"https:\/\/api.w.org\/{rel}","templated":true}]}}