{"id":15167,"date":"2026-08-31T17:43:27","date_gmt":"2026-08-31T15:43:27","guid":{"rendered":"https:\/\/ethiquemediagabon.net\/?p=15167"},"modified":"2026-08-31T17:43:27","modified_gmt":"2026-08-31T15:43:27","slug":"makokou-lancien-relais-de-livindo-renait-sous-le-nom-divindo-palace","status":"publish","type":"post","link":"https:\/\/ethiquemediagabon.net\/?p=15167","title":{"rendered":"Makokou : l\u2019ancien Relais de l\u2019Ivindo rena\u00eet sous le nom d\u2019Ivindo Palace"},"content":{"rendered":"<p style=\"text-align: justify;\">\n<p style=\"text-align: justify;\">\n<p style=\"text-align: justify;\"><strong><span style=\"font-size: 18pt; color: #0000ff;\">Apr\u00e8s pr\u00e8s de trois d\u00e9cennies d\u2019attente, l\u2019ancien Relais de l\u2019Ivindo retrouve une nouvelle vie. Enti\u00e8rement r\u00e9habilit\u00e9, l\u2019\u00e9tablissement h\u00f4telier, situ\u00e9 \u00e0 Makokou, capitale provinciale de l\u2019Ogoou\u00e9-Ivindo, devient d\u00e9sormais l\u2019Ivindo Palace.<\/span><\/strong><\/p>\n<p style=\"text-align: justify;\">\n<p style=\"text-align: justify;\"><span style=\"font-size: 18pt;\">L\u2019inauguration officielle de cette infrastructure r\u00e9nov\u00e9e s\u2019est tenue ce samedi 29 ao\u00fbt 2026, en pr\u00e9sence du pr\u00e9sident de la R\u00e9publique, le G\u00e9n\u00e9ral Brice Clotaire Oligui Nguema.<\/span><\/p>\n<p style=\"text-align: justify;\">\n<p style=\"text-align: justify;\"><span style=\"font-size: 18pt;\">Cette r\u00e9habilitation marque une nouvelle \u00e9tape dans la modernisation des infrastructures h\u00f4teli\u00e8res de la province. \u00c0 travers cette renaissance, les autorit\u00e9s entendent notamment renforcer les capacit\u00e9s d\u2019accueil de Makokou et contribuer \u00e0 l\u2019attractivit\u00e9 touristique de cette partie du pays.<\/span><\/p>\n<p style=\"text-align: justify;\">\n<p style=\"text-align: justify;\"><span style=\"font-size: 18pt;\">Avec ses nouvelles installations, l\u2019Ivindo Palace devrait ainsi participer au d\u00e9veloppement de l\u2019activit\u00e9 \u00e9conomique locale, en offrant un cadre d\u2019h\u00e9bergement adapt\u00e9 aux visiteurs, aux touristes et aux personnes en d\u00e9placement dans la province.<\/span><\/p>\n<p style=\"text-align: justify;\">\n<p style=\"text-align: justify;\"><span style=\"font-size: 18pt;\">Pour Makokou, cette transformation constitue surtout un symbole, celui d\u2019un patrimoine h\u00f4telier longtemps laiss\u00e9 en attente qui retrouve aujourd\u2019hui une nouvelle vocation au service du d\u00e9veloppement de l\u2019Ogoou\u00e9-Ivindo.<\/span><\/p>\n","protected":false},"excerpt":{"rendered":"<p>Apr\u00e8s pr\u00e8s de trois d\u00e9cennies d\u2019attente, l\u2019ancien Relais de l\u2019Ivindo retrouve une nouvelle vie. Enti\u00e8rement r\u00e9habilit\u00e9, l\u2019\u00e9tablissement h\u00f4telier, situ\u00e9 \u00e0 Makokou, capitale provinciale de l\u2019Ogoou\u00e9-Ivindo, devient d\u00e9sormais l\u2019Ivindo Palace. L\u2019inauguration officielle de cette infrastructure r\u00e9nov\u00e9e s\u2019est tenue ce samedi 29 ao\u00fbt 2026, en pr\u00e9sence du pr\u00e9sident de la R\u00e9publique, le G\u00e9n\u00e9ral Brice Clotaire Oligui Nguema. [&hellip;]<\/p>\n","protected":false},"author":5,"featured_media":15168,"comment_status":"open","ping_status":"open","sticky":false,"template":"","format":"standard","meta":{"om_disable_all_campaigns":false,"_monsterinsights_skip_tracking":false,"footnotes":""},"categories":[22],"tags":[],"class_list":["post-15167","post","type-post","status-publish","format-standard","has-post-thumbnail","hentry","category-societe"],"_links":{"self":[{"href":"https:\/\/ethiquemediagabon.net\/index.php?rest_route=\/wp\/v2\/posts\/15167","targetHints":{"allow":["GET"]}}],"collection":[{"href":"https:\/\/ethiquemediagabon.net\/index.php?rest_route=\/wp\/v2\/posts"}],"about":[{"href":"https:\/\/ethiquemediagabon.net\/index.php?rest_route=\/wp\/v2\/types\/post"}],"author":[{"embeddable":true,"href":"https:\/\/ethiquemediagabon.net\/index.php?rest_route=\/wp\/v2\/users\/5"}],"replies":[{"embeddable":true,"href":"https:\/\/ethiquemediagabon.net\/index.php?rest_route=%2Fwp%2Fv2%2Fcomments&post=15167"}],"version-history":[{"count":1,"href":"https:\/\/ethiquemediagabon.net\/index.php?rest_route=\/wp\/v2\/posts\/15167\/revisions"}],"predecessor-version":[{"id":15169,"href":"https:\/\/ethiquemediagabon.net\/index.php?rest_route=\/wp\/v2\/posts\/15167\/revisions\/15169"}],"wp:featuredmedia":[{"embeddable":true,"href":"https:\/\/ethiquemediagabon.net\/index.php?rest_route=\/wp\/v2\/media\/15168"}],"wp:attachment":[{"href":"https:\/\/ethiquemediagabon.net\/index.php?rest_route=%2Fwp%2Fv2%2Fmedia&parent=15167"}],"wp:term":[{"taxonomy":"category","embeddable":true,"href":"https:\/\/ethiquemediagabon.net\/index.php?rest_route=%2Fwp%2Fv2%2Fcategories&post=15167"},{"taxonomy":"post_tag","embeddable":true,"href":"https:\/\/ethiquemediagabon.net\/index.php?rest_route=%2Fwp%2Fv2%2Ftags&post=15167"}],"curies":[{"name":"wp","href":"https:\/\/api.w.org\/{rel}","templated":true}]}}