{"id":15172,"date":"2026-09-01T14:04:34","date_gmt":"2026-09-01T12:04:34","guid":{"rendered":"https:\/\/ethiquemediagabon.net\/?p=15172"},"modified":"2026-09-01T14:04:34","modified_gmt":"2026-09-01T12:04:34","slug":"sante-leconi-les-evacuations-sanitaires-vers-franceville-desormais-conditionnees-au-paiement-de-15-000-fcfa","status":"publish","type":"post","link":"https:\/\/ethiquemediagabon.net\/?p=15172","title":{"rendered":"[Sant\u00e9 ] L\u00e9coni : les \u00e9vacuations sanitaires vers Franceville d\u00e9sormais conditionn\u00e9es au paiement de 15 000 FCFA"},"content":{"rendered":"<p style=\"text-align: justify;\"><span style=\"color: #0000ff; font-size: 18pt;\"><strong>\u00c0 L\u00e9coni, dans le d\u00e9partement des Plateaux, une mesure de l\u2019H\u00f4pital d\u00e9partemental prise le 18 ao\u00fbt 2026 suscite l\u2019inqui\u00e9tude des populations. D\u00e9sormais, les familles dont un proche doit \u00eatre \u00e9vacu\u00e9 vers le CHU Amissa Bongo de Franceville sont invit\u00e9es \u00e0 verser une contribution de 15 000 FCFA destin\u00e9e \u00e0 couvrir le carburant et le d\u00e9placement du chauffeur. Une mesure que la direction de l\u2019\u00e9tablissement justifie par les contraintes budg\u00e9taires auxquelles serait confront\u00e9e la comptabilit\u00e9 publique, mais qui interroge dans une zone o\u00f9 l\u2019acc\u00e8s aux soins reste d\u00e9j\u00e0 marqu\u00e9 par les difficult\u00e9s financi\u00e8res de nombreux m\u00e9nages.<\/strong><\/span><\/p>\n<p style=\"text-align: justify;\"><span style=\"font-size: 18pt;\">Dans cette note, la direction de l\u2019H\u00f4pital d\u00e9partemental de L\u00e9coni pr\u00e9cise que les \u00e9vacuations sanitaires vers le CHU Amissa Bongo sont d\u00e9sormais conditionn\u00e9es au paiement pr\u00e9alable de cette contribution. Les parents des patients concern\u00e9s doivent donc s\u2019acquitter des 15 000 FCFA avant tout d\u00e9placement.<\/span><\/p>\n<p style=\"text-align: justify;\"><span style=\"font-size: 18pt;\">Une d\u00e9cision qui ne manque pas de susciter des r\u00e9actions au sein des populations. Pour de nombreuses familles, confront\u00e9es \u00e0 des revenus limit\u00e9s, devoir mobiliser une telle somme dans le cadre d\u2019une urgence m\u00e9dicale repr\u00e9sente une charge suppl\u00e9mentaire, particuli\u00e8rement lorsque les frais li\u00e9s aux soins s\u2019accumulent.<\/span><\/p>\n<p style=\"text-align: justify;\"><span style=\"font-size: 18pt;\">L\u2019incompr\u00e9hension de cette d\u00e9cision est \u00e9galement nourrie par le profit que g\u00e9n\u00e8re l&rsquo;h\u00f4pital gr\u00e2ce \u00e0 ses diff\u00e9rentes prestations dont les consultations, les hospitalisations et les accouchements sans prise en charge de la CNAMGS, entre autres services. Les populations s\u2019interrogent donc sur les m\u00e9canismes de financement et de fonctionnement de l\u2019h\u00f4pital, mais aussi sur la destination des recettes issues de ses activit\u00e9s.<\/span><\/p>\n<p style=\"text-align: justify;\"><span style=\"font-size: 18pt;\">Cependant, au-del\u00e0 du cas de L\u00e9coni, cette situation pose une question plus large sur le financement public des structures sanitaires au Gabon. Alors que l\u2019\u00c9tat demeure attendu dans l\u2019accompagnement des \u00e9tablissements de sant\u00e9, la multiplication des charges directement support\u00e9es par les usagers donne le sentiment, chez les populations, que ce financement public devient de moins en moins effectif. Une situation qui pourrait, \u00e0 terme, accentuer les in\u00e9galit\u00e9s d\u2019acc\u00e8s aux soins, notamment pour les m\u00e9nages les plus vuln\u00e9rables.<\/span><\/p>\n","protected":false},"excerpt":{"rendered":"<p>\u00c0 L\u00e9coni, dans le d\u00e9partement des Plateaux, une mesure de l\u2019H\u00f4pital d\u00e9partemental prise le 18 ao\u00fbt 2026 suscite l\u2019inqui\u00e9tude des populations. D\u00e9sormais, les familles dont un proche doit \u00eatre \u00e9vacu\u00e9 vers le CHU Amissa Bongo de Franceville sont invit\u00e9es \u00e0 verser une contribution de 15 000 FCFA destin\u00e9e \u00e0 couvrir le carburant et le d\u00e9placement [&hellip;]<\/p>\n","protected":false},"author":4,"featured_media":15173,"comment_status":"open","ping_status":"open","sticky":false,"template":"","format":"standard","meta":{"om_disable_all_campaigns":false,"_monsterinsights_skip_tracking":false,"footnotes":""},"categories":[23,31,32,22],"tags":[1507,122,65,33,56],"class_list":["post-15172","post","type-post","status-publish","format-standard","has-post-thumbnail","hentry","category-actualites","category-nationale","category-sante","category-societe","tag-evacuation","tag-leconi","tag-paiement","tag-sante","tag-societe"],"_links":{"self":[{"href":"https:\/\/ethiquemediagabon.net\/index.php?rest_route=\/wp\/v2\/posts\/15172","targetHints":{"allow":["GET"]}}],"collection":[{"href":"https:\/\/ethiquemediagabon.net\/index.php?rest_route=\/wp\/v2\/posts"}],"about":[{"href":"https:\/\/ethiquemediagabon.net\/index.php?rest_route=\/wp\/v2\/types\/post"}],"author":[{"embeddable":true,"href":"https:\/\/ethiquemediagabon.net\/index.php?rest_route=\/wp\/v2\/users\/4"}],"replies":[{"embeddable":true,"href":"https:\/\/ethiquemediagabon.net\/index.php?rest_route=%2Fwp%2Fv2%2Fcomments&post=15172"}],"version-history":[{"count":1,"href":"https:\/\/ethiquemediagabon.net\/index.php?rest_route=\/wp\/v2\/posts\/15172\/revisions"}],"predecessor-version":[{"id":15174,"href":"https:\/\/ethiquemediagabon.net\/index.php?rest_route=\/wp\/v2\/posts\/15172\/revisions\/15174"}],"wp:featuredmedia":[{"embeddable":true,"href":"https:\/\/ethiquemediagabon.net\/index.php?rest_route=\/wp\/v2\/media\/15173"}],"wp:attachment":[{"href":"https:\/\/ethiquemediagabon.net\/index.php?rest_route=%2Fwp%2Fv2%2Fmedia&parent=15172"}],"wp:term":[{"taxonomy":"category","embeddable":true,"href":"https:\/\/ethiquemediagabon.net\/index.php?rest_route=%2Fwp%2Fv2%2Fcategories&post=15172"},{"taxonomy":"post_tag","embeddable":true,"href":"https:\/\/ethiquemediagabon.net\/index.php?rest_route=%2Fwp%2Fv2%2Ftags&post=15172"}],"curies":[{"name":"wp","href":"https:\/\/api.w.org\/{rel}","templated":true}]}}