{"id":15176,"date":"2026-09-02T18:58:47","date_gmt":"2026-09-02T16:58:47","guid":{"rendered":"https:\/\/ethiquemediagabon.net\/?p=15176"},"modified":"2026-09-02T19:01:30","modified_gmt":"2026-09-02T17:01:30","slug":"societe-franceville-cartable-du-coeur-mobilise-la-solidarite-pour-les-enfants-du-centre-social","status":"publish","type":"post","link":"https:\/\/ethiquemediagabon.net\/?p=15176","title":{"rendered":"[Soci\u00e9t\u00e9] Franceville : \u00ab Cartable du C\u0153ur \u00bb mobilise la solidarit\u00e9 pour les enfants du Centre social"},"content":{"rendered":"<p style=\"text-align: justify;\"><span style=\"color: #0000ff;\"><strong>\u00c0 l\u2019approche de la rentr\u00e9e de classes 2026-2027, une cha\u00eene de solidarit\u00e9 est mise en place \u00e0 Franceville autour des enfants du Centre social Baptis\u00e9e \u00ab Cartables du C\u0153ur \u00bb. Cette initiative salutaire est port\u00e9e par le Conseil Provincial de la Jeunesse du Haut-Ogoou\u00e9 et la plateforme communautaire La MAIN, en collaboration avec plusieurs partenaires institutionnels et m\u00e9diatiques, notamment le Gouvernorat de la province du Haut-Ogoou\u00e9, la Direction Provinciale de la Jeunesse, \u00c9thique M\u00e9dia Gabon et G2 News.<\/strong><\/span><\/p>\n<p style=\"text-align: justify;\">L\u2019op\u00e9ration vise \u00e0 collecter des fournitures scolaires afin de permettre aux enfants b\u00e9n\u00e9ficiaires d\u2019aborder la nouvelle ann\u00e9e scolaire dans de meilleures conditions. Particuliers, associations, entreprises et personnes de bonne volont\u00e9 sont ainsi invit\u00e9s \u00e0 se joindre \u00e0 cette mobilisation solidaire.<\/p>\n<p style=\"text-align: justify;\">Les besoins identifi\u00e9s concernent notamment les crayons de couleur, gommes, taille-crayons, feutres, ardoises, cahiers de maternelle, cahiers de dessin, porte-documents, peintures, ciseaux \u00e0 bouts ronds et papier blanc A4.<\/p>\n<p style=\"text-align: justify;\">Au-del\u00e0 de la collecte de mat\u00e9riel, les initiateurs souhaitent faire de cette rentr\u00e9e un moment de partage et d\u2019engagement collectif. Pour le Conseil Provincial de la Jeunesse et La MAIN, avec l\u2019appui de leurs partenaires, il s\u2019agit de contribuer concr\u00e8tement au bien-\u00eatre et \u00e0 la r\u00e9ussite scolaire des enfants du Centre social de Franceville.<\/p>\n<p style=\"text-align: justify;\">Les personnes souhaitant participer \u00e0 cette action ou obtenir davantage d\u2019informations peuvent contacter les organisateurs aux 066 78 91 98 ou 074 63 63 86.<\/p>\n<p style=\"text-align: justify;\">\u00c0 travers \u00ab Cartables du C\u0153ur \u00bb, les acteurs de la jeunesse, les institutions et les m\u00e9dias associ\u00e9s entendent unir leurs forces autour d\u2019un m\u00eame objectif : faire de la solidarit\u00e9 un levier pour donner \u00e0 chaque enfant les moyens de bien commencer l\u2019ann\u00e9e scolaire.<\/p>\n","protected":false},"excerpt":{"rendered":"<p>\u00c0 l\u2019approche de la rentr\u00e9e de classes 2026-2027, une cha\u00eene de solidarit\u00e9 est mise en place \u00e0 Franceville autour des enfants du Centre social Baptis\u00e9e \u00ab Cartables du C\u0153ur \u00bb. Cette initiative salutaire est port\u00e9e par le Conseil Provincial de la Jeunesse du Haut-Ogoou\u00e9 et la plateforme communautaire La MAIN, en collaboration avec plusieurs partenaires [&hellip;]<\/p>\n","protected":false},"author":4,"featured_media":15177,"comment_status":"open","ping_status":"open","sticky":false,"template":"","format":"standard","meta":{"om_disable_all_campaigns":false,"_monsterinsights_skip_tracking":false,"footnotes":""},"categories":[23,92,34],"tags":[3170,3169,26,1318,56],"class_list":["post-15176","post","type-post","status-publish","format-standard","has-post-thumbnail","hentry","category-actualites","category-edu-art-culture","category-sociale","tag-cartable-du-coeur","tag-centre-social","tag-franceville","tag-social","tag-societe"],"_links":{"self":[{"href":"https:\/\/ethiquemediagabon.net\/index.php?rest_route=\/wp\/v2\/posts\/15176","targetHints":{"allow":["GET"]}}],"collection":[{"href":"https:\/\/ethiquemediagabon.net\/index.php?rest_route=\/wp\/v2\/posts"}],"about":[{"href":"https:\/\/ethiquemediagabon.net\/index.php?rest_route=\/wp\/v2\/types\/post"}],"author":[{"embeddable":true,"href":"https:\/\/ethiquemediagabon.net\/index.php?rest_route=\/wp\/v2\/users\/4"}],"replies":[{"embeddable":true,"href":"https:\/\/ethiquemediagabon.net\/index.php?rest_route=%2Fwp%2Fv2%2Fcomments&post=15176"}],"version-history":[{"count":3,"href":"https:\/\/ethiquemediagabon.net\/index.php?rest_route=\/wp\/v2\/posts\/15176\/revisions"}],"predecessor-version":[{"id":15180,"href":"https:\/\/ethiquemediagabon.net\/index.php?rest_route=\/wp\/v2\/posts\/15176\/revisions\/15180"}],"wp:featuredmedia":[{"embeddable":true,"href":"https:\/\/ethiquemediagabon.net\/index.php?rest_route=\/wp\/v2\/media\/15177"}],"wp:attachment":[{"href":"https:\/\/ethiquemediagabon.net\/index.php?rest_route=%2Fwp%2Fv2%2Fmedia&parent=15176"}],"wp:term":[{"taxonomy":"category","embeddable":true,"href":"https:\/\/ethiquemediagabon.net\/index.php?rest_route=%2Fwp%2Fv2%2Fcategories&post=15176"},{"taxonomy":"post_tag","embeddable":true,"href":"https:\/\/ethiquemediagabon.net\/index.php?rest_route=%2Fwp%2Fv2%2Ftags&post=15176"}],"curies":[{"name":"wp","href":"https:\/\/api.w.org\/{rel}","templated":true}]}}